{"id":5895,"date":"2025-08-01T08:01:24","date_gmt":"2025-08-01T08:01:24","guid":{"rendered":"https:\/\/canteixidogimnas.com\/marc-paredes-torna-a-wmt\/"},"modified":"2025-08-21T03:52:07","modified_gmt":"2025-08-21T03:52:07","slug":"marc-paredes-torna-a-wmt","status":"publish","type":"post","link":"https:\/\/canteixidogimnas.com\/ca\/marc-paredes-torna-a-wmt\/","title":{"rendered":"Marc Paredes torna a WMT"},"content":{"rendered":"\n<p>A Wild Movement Training estem d\u2019enhorabona: <strong>Marc Paredes torna a casa.<\/strong><\/p>\n\n<p>Despr\u00e9s d\u2019un any entrenant un equip de futbol de primer nivell, amb el qual ha aconseguit un hist\u00f2ric <strong>doblet de Lliga i Copa<\/strong>, torna per assumir el c\u00e0rrec de <strong>director t\u00e8cnic del m\u00e8tode WMT<\/strong> i per estar de nou a prop dels nostres socis.<\/p>\n\n<h2 class=\"wp-block-heading\">Qui \u00e9s Marc Paredes?<\/h2>\n\n<p>Per a aquells que encara no el coneguin, en Marc \u00e9s un dels creadors del m\u00e8tode WMT i un referent en el m\u00f3n de l\u2019entrenament funcional i el rendiment f\u00edsic.<br\/>Amb m\u00e9s de 15 anys d\u2019experi\u00e8ncia internacional a Austr\u00e0lia, la Xina i Arm\u00e8nia, ha treballat amb equips de futbol professional i gimnasos d\u2019arreu del m\u00f3n, aportant sempre una visi\u00f3 global i basada en el moviment, on l\u2019esfor\u00e7 t\u00e9 resultats reals, 100% aplicables i ajustats a cada objectiu: <\/p>\n\n<ul class=\"wp-block-list\">\n<li><strong>Rendiment que es nota en el teu dia a dia i en l\u2019esport<\/strong><\/li>\n\n\n\n<li><strong>Mobilitat i reestructuraci\u00f3 biomec\u00e0nica<\/strong><\/li>\n\n\n\n<li><strong>P\u00e8rdua de pes i millora f\u00edsica integral<\/strong><\/li>\n<\/ul>\n\n<p>Formant-se en <strong>Strength &amp; Conditioning per l\u2019Institut Australi\u00e0 de Fitness<\/strong>, i amb certificacions en<strong> TRX, neuroci\u00e8ncia esportiva, Battleropes i MovNat<\/strong>, en Marc combina coneixement t\u00e8cnic, experi\u00e8ncia pr\u00e0ctica i passi\u00f3 per l\u2019entrenament.<\/p>\n\n<h2 class=\"wp-block-heading\">On el podr\u00e0s veure?<\/h2>\n\n<ul class=\"wp-block-list\">\n<li>Com a <strong>director t\u00e8cnic del <a href=\"https:\/\/canteixidogimnas.com\/ca\/wild-movement-training\/\">m\u00e8tode WMT<\/a><\/strong>, liderant l\u2019evoluci\u00f3 del sistema d\u2019entrenament, innovant constantment per oferir el millor servei, en les millors condicions i sempre adaptat a cada persona.<\/li>\n\n\n\n<li><strong>Al <a href=\"https:\/\/canteixidogimnas.com\/ca\/\">gimn\u00e0s d\u2019Alella<\/a><\/strong>, participant en sessions i treballant estretament amb els nostres socis.<\/li>\n\n\n\n<li><strong>Formant els entrenadors de la WMT Academy by Manel Rivera de p\u00e0del<\/strong>, transmetent la seva experi\u00e8ncia i assegurant que tots apliquin el m\u00e8tode amb la m\u00e0xima qualitat.<\/li>\n\n\n\n<li>I, si busques un tracte m\u00e9s exclusiu, tamb\u00e9 podr\u00e0s entrenar amb ell com a <a href=\"https:\/\/canteixidogimnas.com\/ca\/activitats-2\/#paredes\">entrenador personal,<\/a> amb sessions adaptades al teu nivell, objectius i disponibilitat.<\/li>\n<\/ul>\n\n<p>Amb el seu retorn, reafirmem l\u2019ess\u00e8ncia de WMT i ens preparem per a un any ple de sorpreses per als nostres socis.<\/p>\n\n<p>\ud83d\udc49 <em>Benvingut de nou, Marc!<\/em><\/p>\n","protected":false},"excerpt":{"rendered":"<p>A Wild Movement Training estem d\u2019enhorabona: Marc Paredes torna a casa. Despr\u00e9s d\u2019un any entrenant un equip de futbol de primer nivell, amb el qual ha aconseguit un hist\u00f2ric doblet de Lliga i Copa, torna per assumir el c\u00e0rrec de director t\u00e8cnic del m\u00e8tode WMT i per estar de nou a prop dels nostres socis.&#8230;<\/p>\n","protected":false},"author":1,"featured_media":5878,"comment_status":"closed","ping_status":"closed","sticky":false,"template":"","format":"standard","meta":{"footnotes":""},"categories":[78,1],"tags":[],"class_list":["post-5895","post","type-post","status-publish","format-standard","has-post-thumbnail","hentry","category-metode-wmt","category-sin-categoria"],"yoast_head":"<!-- This site is optimized with the Yoast SEO plugin v27.0 - https:\/\/yoast.com\/product\/yoast-seo-wordpress\/ -->\n<title>Marc Paredes torna a WMT - WMT Gym<\/title>\n<meta name=\"robots\" content=\"index, follow, max-snippet:-1, max-image-preview:large, max-video-preview:-1\" \/>\n<link rel=\"canonical\" href=\"https:\/\/canteixidogimnas.com\/ca\/marc-paredes-torna-a-wmt\/\" \/>\n<meta property=\"og:locale\" content=\"ca_ES\" \/>\n<meta property=\"og:type\" content=\"article\" \/>\n<meta property=\"og:title\" content=\"Marc Paredes torna a WMT - WMT Gym\" \/>\n<meta property=\"og:description\" content=\"A Wild Movement Training estem d\u2019enhorabona: Marc Paredes torna a casa. Despr\u00e9s d\u2019un any entrenant un equip de futbol de primer nivell, amb el qual ha aconseguit un hist\u00f2ric doblet de Lliga i Copa, torna per assumir el c\u00e0rrec de director t\u00e8cnic del m\u00e8tode WMT i per estar de nou a prop dels nostres socis.&#8230;\" \/>\n<meta property=\"og:url\" content=\"https:\/\/canteixidogimnas.com\/ca\/marc-paredes-torna-a-wmt\/\" \/>\n<meta property=\"og:site_name\" content=\"WMT Gym\" \/>\n<meta property=\"article:published_time\" content=\"2025-08-01T08:01:24+00:00\" \/>\n<meta property=\"article:modified_time\" content=\"2025-08-21T03:52:07+00:00\" \/>\n<meta property=\"og:image\" content=\"https:\/\/canteixidogimnas.com\/wp-content\/uploads\/2025\/08\/GF25J19MF.011-scaled.jpg\" \/>\n\t<meta property=\"og:image:width\" content=\"2560\" \/>\n\t<meta property=\"og:image:height\" content=\"1706\" \/>\n\t<meta property=\"og:image:type\" content=\"image\/jpeg\" \/>\n<meta name=\"author\" content=\"Canteixido Gimn\u00e0s\" \/>\n<meta name=\"twitter:card\" content=\"summary_large_image\" \/>\n<meta name=\"twitter:label1\" content=\"Escrit per\" \/>\n\t<meta name=\"twitter:data1\" content=\"Canteixido Gimn\u00e0s\" \/>\n\t<meta name=\"twitter:label2\" content=\"Temps estimat de lectura\" \/>\n\t<meta name=\"twitter:data2\" content=\"2 minuts\" \/>\n<script type=\"application\/ld+json\" class=\"yoast-schema-graph\">{\"@context\":\"https:\/\/schema.org\",\"@graph\":[{\"@type\":\"Article\",\"@id\":\"https:\/\/canteixidogimnas.com\/ca\/marc-paredes-torna-a-wmt\/#article\",\"isPartOf\":{\"@id\":\"https:\/\/canteixidogimnas.com\/ca\/marc-paredes-torna-a-wmt\/\"},\"author\":{\"name\":\"Canteixido Gimn\u00e0s\",\"@id\":\"https:\/\/canteixidogimnas.com\/ca\/#\/schema\/person\/b31b0bedd9023aa9bc680ad69bdc1f7e\"},\"headline\":\"Marc Paredes torna a WMT\",\"datePublished\":\"2025-08-01T08:01:24+00:00\",\"dateModified\":\"2025-08-21T03:52:07+00:00\",\"mainEntityOfPage\":{\"@id\":\"https:\/\/canteixidogimnas.com\/ca\/marc-paredes-torna-a-wmt\/\"},\"wordCount\":362,\"publisher\":{\"@id\":\"https:\/\/canteixidogimnas.com\/ca\/#organization\"},\"image\":{\"@id\":\"https:\/\/canteixidogimnas.com\/ca\/marc-paredes-torna-a-wmt\/#primaryimage\"},\"thumbnailUrl\":\"https:\/\/canteixidogimnas.com\/wp-content\/uploads\/2025\/08\/GF25J19MF.011-scaled.jpg\",\"articleSection\":[\"M\u00e8tode WMT\",\"Sin categor\u00eda\"],\"inLanguage\":\"ca\"},{\"@type\":\"WebPage\",\"@id\":\"https:\/\/canteixidogimnas.com\/ca\/marc-paredes-torna-a-wmt\/\",\"url\":\"https:\/\/canteixidogimnas.com\/ca\/marc-paredes-torna-a-wmt\/\",\"name\":\"Marc Paredes torna a WMT - WMT Gym\",\"isPartOf\":{\"@id\":\"https:\/\/canteixidogimnas.com\/ca\/#website\"},\"primaryImageOfPage\":{\"@id\":\"https:\/\/canteixidogimnas.com\/ca\/marc-paredes-torna-a-wmt\/#primaryimage\"},\"image\":{\"@id\":\"https:\/\/canteixidogimnas.com\/ca\/marc-paredes-torna-a-wmt\/#primaryimage\"},\"thumbnailUrl\":\"https:\/\/canteixidogimnas.com\/wp-content\/uploads\/2025\/08\/GF25J19MF.011-scaled.jpg\",\"datePublished\":\"2025-08-01T08:01:24+00:00\",\"dateModified\":\"2025-08-21T03:52:07+00:00\",\"breadcrumb\":{\"@id\":\"https:\/\/canteixidogimnas.com\/ca\/marc-paredes-torna-a-wmt\/#breadcrumb\"},\"inLanguage\":\"ca\",\"potentialAction\":[{\"@type\":\"ReadAction\",\"target\":[\"https:\/\/canteixidogimnas.com\/ca\/marc-paredes-torna-a-wmt\/\"]}]},{\"@type\":\"ImageObject\",\"inLanguage\":\"ca\",\"@id\":\"https:\/\/canteixidogimnas.com\/ca\/marc-paredes-torna-a-wmt\/#primaryimage\",\"url\":\"https:\/\/canteixidogimnas.com\/wp-content\/uploads\/2025\/08\/GF25J19MF.011-scaled.jpg\",\"contentUrl\":\"https:\/\/canteixidogimnas.com\/wp-content\/uploads\/2025\/08\/GF25J19MF.011-scaled.jpg\",\"width\":2560,\"height\":1706},{\"@type\":\"BreadcrumbList\",\"@id\":\"https:\/\/canteixidogimnas.com\/ca\/marc-paredes-torna-a-wmt\/#breadcrumb\",\"itemListElement\":[{\"@type\":\"ListItem\",\"position\":1,\"name\":\"Portada\",\"item\":\"https:\/\/canteixidogimnas.com\/ca\/\"},{\"@type\":\"ListItem\",\"position\":2,\"name\":\"Marc Paredes torna a WMT\"}]},{\"@type\":\"WebSite\",\"@id\":\"https:\/\/canteixidogimnas.com\/ca\/#website\",\"url\":\"https:\/\/canteixidogimnas.com\/ca\/\",\"name\":\"WMT Gym\",\"description\":\"El gimnasio de WMT\",\"publisher\":{\"@id\":\"https:\/\/canteixidogimnas.com\/ca\/#organization\"},\"alternateName\":\"Gimn\u00e0s Can Teixid\u00f3\",\"potentialAction\":[{\"@type\":\"SearchAction\",\"target\":{\"@type\":\"EntryPoint\",\"urlTemplate\":\"https:\/\/canteixidogimnas.com\/ca\/?s={search_term_string}\"},\"query-input\":{\"@type\":\"PropertyValueSpecification\",\"valueRequired\":true,\"valueName\":\"search_term_string\"}}],\"inLanguage\":\"ca\"},{\"@type\":\"Organization\",\"@id\":\"https:\/\/canteixidogimnas.com\/ca\/#organization\",\"name\":\"WMT Gym\",\"url\":\"https:\/\/canteixidogimnas.com\/ca\/\",\"logo\":{\"@type\":\"ImageObject\",\"inLanguage\":\"ca\",\"@id\":\"https:\/\/canteixidogimnas.com\/ca\/#\/schema\/logo\/image\/\",\"url\":\"https:\/\/canteixidogimnas.com\/wp-content\/uploads\/2025\/06\/cropped-logo-wmt-gym.png\",\"contentUrl\":\"https:\/\/canteixidogimnas.com\/wp-content\/uploads\/2025\/06\/cropped-logo-wmt-gym.png\",\"width\":300,\"height\":80,\"caption\":\"WMT Gym\"},\"image\":{\"@id\":\"https:\/\/canteixidogimnas.com\/ca\/#\/schema\/logo\/image\/\"},\"sameAs\":[\"https:\/\/www.linkedin.com\/company\/wild-movement-training\"]},{\"@type\":\"Person\",\"@id\":\"https:\/\/canteixidogimnas.com\/ca\/#\/schema\/person\/b31b0bedd9023aa9bc680ad69bdc1f7e\",\"name\":\"Canteixido Gimn\u00e0s\",\"image\":{\"@type\":\"ImageObject\",\"inLanguage\":\"ca\",\"@id\":\"https:\/\/canteixidogimnas.com\/ca\/#\/schema\/person\/image\/\",\"url\":\"https:\/\/secure.gravatar.com\/avatar\/710ae04a6fb9c94a92e154dca2ed6134b334f14cd68340e115aa11ccf09ca6dd?s=96&d=mm&r=g\",\"contentUrl\":\"https:\/\/secure.gravatar.com\/avatar\/710ae04a6fb9c94a92e154dca2ed6134b334f14cd68340e115aa11ccf09ca6dd?s=96&d=mm&r=g\",\"caption\":\"Canteixido Gimn\u00e0s\"},\"sameAs\":[\"https:\/\/canteixidogimnas.com\"],\"url\":\"https:\/\/canteixidogimnas.com\/ca\/author\/canteixidogimnas\/\"}]}<\/script>\n<!-- \/ Yoast SEO plugin. -->","yoast_head_json":{"title":"Marc Paredes torna a WMT - WMT Gym","robots":{"index":"index","follow":"follow","max-snippet":"max-snippet:-1","max-image-preview":"max-image-preview:large","max-video-preview":"max-video-preview:-1"},"canonical":"https:\/\/canteixidogimnas.com\/ca\/marc-paredes-torna-a-wmt\/","og_locale":"ca_ES","og_type":"article","og_title":"Marc Paredes torna a WMT - WMT Gym","og_description":"A Wild Movement Training estem d\u2019enhorabona: Marc Paredes torna a casa. Despr\u00e9s d\u2019un any entrenant un equip de futbol de primer nivell, amb el qual ha aconseguit un hist\u00f2ric doblet de Lliga i Copa, torna per assumir el c\u00e0rrec de director t\u00e8cnic del m\u00e8tode WMT i per estar de nou a prop dels nostres socis.&#8230;","og_url":"https:\/\/canteixidogimnas.com\/ca\/marc-paredes-torna-a-wmt\/","og_site_name":"WMT Gym","article_published_time":"2025-08-01T08:01:24+00:00","article_modified_time":"2025-08-21T03:52:07+00:00","og_image":[{"width":2560,"height":1706,"url":"https:\/\/canteixidogimnas.com\/wp-content\/uploads\/2025\/08\/GF25J19MF.011-scaled.jpg","type":"image\/jpeg"}],"author":"Canteixido Gimn\u00e0s","twitter_card":"summary_large_image","twitter_misc":{"Escrit per":"Canteixido Gimn\u00e0s","Temps estimat de lectura":"2 minuts"},"schema":{"@context":"https:\/\/schema.org","@graph":[{"@type":"Article","@id":"https:\/\/canteixidogimnas.com\/ca\/marc-paredes-torna-a-wmt\/#article","isPartOf":{"@id":"https:\/\/canteixidogimnas.com\/ca\/marc-paredes-torna-a-wmt\/"},"author":{"name":"Canteixido Gimn\u00e0s","@id":"https:\/\/canteixidogimnas.com\/ca\/#\/schema\/person\/b31b0bedd9023aa9bc680ad69bdc1f7e"},"headline":"Marc Paredes torna a WMT","datePublished":"2025-08-01T08:01:24+00:00","dateModified":"2025-08-21T03:52:07+00:00","mainEntityOfPage":{"@id":"https:\/\/canteixidogimnas.com\/ca\/marc-paredes-torna-a-wmt\/"},"wordCount":362,"publisher":{"@id":"https:\/\/canteixidogimnas.com\/ca\/#organization"},"image":{"@id":"https:\/\/canteixidogimnas.com\/ca\/marc-paredes-torna-a-wmt\/#primaryimage"},"thumbnailUrl":"https:\/\/canteixidogimnas.com\/wp-content\/uploads\/2025\/08\/GF25J19MF.011-scaled.jpg","articleSection":["M\u00e8tode WMT","Sin categor\u00eda"],"inLanguage":"ca"},{"@type":"WebPage","@id":"https:\/\/canteixidogimnas.com\/ca\/marc-paredes-torna-a-wmt\/","url":"https:\/\/canteixidogimnas.com\/ca\/marc-paredes-torna-a-wmt\/","name":"Marc Paredes torna a WMT - WMT Gym","isPartOf":{"@id":"https:\/\/canteixidogimnas.com\/ca\/#website"},"primaryImageOfPage":{"@id":"https:\/\/canteixidogimnas.com\/ca\/marc-paredes-torna-a-wmt\/#primaryimage"},"image":{"@id":"https:\/\/canteixidogimnas.com\/ca\/marc-paredes-torna-a-wmt\/#primaryimage"},"thumbnailUrl":"https:\/\/canteixidogimnas.com\/wp-content\/uploads\/2025\/08\/GF25J19MF.011-scaled.jpg","datePublished":"2025-08-01T08:01:24+00:00","dateModified":"2025-08-21T03:52:07+00:00","breadcrumb":{"@id":"https:\/\/canteixidogimnas.com\/ca\/marc-paredes-torna-a-wmt\/#breadcrumb"},"inLanguage":"ca","potentialAction":[{"@type":"ReadAction","target":["https:\/\/canteixidogimnas.com\/ca\/marc-paredes-torna-a-wmt\/"]}]},{"@type":"ImageObject","inLanguage":"ca","@id":"https:\/\/canteixidogimnas.com\/ca\/marc-paredes-torna-a-wmt\/#primaryimage","url":"https:\/\/canteixidogimnas.com\/wp-content\/uploads\/2025\/08\/GF25J19MF.011-scaled.jpg","contentUrl":"https:\/\/canteixidogimnas.com\/wp-content\/uploads\/2025\/08\/GF25J19MF.011-scaled.jpg","width":2560,"height":1706},{"@type":"BreadcrumbList","@id":"https:\/\/canteixidogimnas.com\/ca\/marc-paredes-torna-a-wmt\/#breadcrumb","itemListElement":[{"@type":"ListItem","position":1,"name":"Portada","item":"https:\/\/canteixidogimnas.com\/ca\/"},{"@type":"ListItem","position":2,"name":"Marc Paredes torna a WMT"}]},{"@type":"WebSite","@id":"https:\/\/canteixidogimnas.com\/ca\/#website","url":"https:\/\/canteixidogimnas.com\/ca\/","name":"WMT Gym","description":"El gimnasio de WMT","publisher":{"@id":"https:\/\/canteixidogimnas.com\/ca\/#organization"},"alternateName":"Gimn\u00e0s Can Teixid\u00f3","potentialAction":[{"@type":"SearchAction","target":{"@type":"EntryPoint","urlTemplate":"https:\/\/canteixidogimnas.com\/ca\/?s={search_term_string}"},"query-input":{"@type":"PropertyValueSpecification","valueRequired":true,"valueName":"search_term_string"}}],"inLanguage":"ca"},{"@type":"Organization","@id":"https:\/\/canteixidogimnas.com\/ca\/#organization","name":"WMT Gym","url":"https:\/\/canteixidogimnas.com\/ca\/","logo":{"@type":"ImageObject","inLanguage":"ca","@id":"https:\/\/canteixidogimnas.com\/ca\/#\/schema\/logo\/image\/","url":"https:\/\/canteixidogimnas.com\/wp-content\/uploads\/2025\/06\/cropped-logo-wmt-gym.png","contentUrl":"https:\/\/canteixidogimnas.com\/wp-content\/uploads\/2025\/06\/cropped-logo-wmt-gym.png","width":300,"height":80,"caption":"WMT Gym"},"image":{"@id":"https:\/\/canteixidogimnas.com\/ca\/#\/schema\/logo\/image\/"},"sameAs":["https:\/\/www.linkedin.com\/company\/wild-movement-training"]},{"@type":"Person","@id":"https:\/\/canteixidogimnas.com\/ca\/#\/schema\/person\/b31b0bedd9023aa9bc680ad69bdc1f7e","name":"Canteixido Gimn\u00e0s","image":{"@type":"ImageObject","inLanguage":"ca","@id":"https:\/\/canteixidogimnas.com\/ca\/#\/schema\/person\/image\/","url":"https:\/\/secure.gravatar.com\/avatar\/710ae04a6fb9c94a92e154dca2ed6134b334f14cd68340e115aa11ccf09ca6dd?s=96&d=mm&r=g","contentUrl":"https:\/\/secure.gravatar.com\/avatar\/710ae04a6fb9c94a92e154dca2ed6134b334f14cd68340e115aa11ccf09ca6dd?s=96&d=mm&r=g","caption":"Canteixido Gimn\u00e0s"},"sameAs":["https:\/\/canteixidogimnas.com"],"url":"https:\/\/canteixidogimnas.com\/ca\/author\/canteixidogimnas\/"}]}},"_links":{"self":[{"href":"https:\/\/canteixidogimnas.com\/ca\/wp-json\/wp\/v2\/posts\/5895","targetHints":{"allow":["GET"]}}],"collection":[{"href":"https:\/\/canteixidogimnas.com\/ca\/wp-json\/wp\/v2\/posts"}],"about":[{"href":"https:\/\/canteixidogimnas.com\/ca\/wp-json\/wp\/v2\/types\/post"}],"author":[{"embeddable":true,"href":"https:\/\/canteixidogimnas.com\/ca\/wp-json\/wp\/v2\/users\/1"}],"replies":[{"embeddable":true,"href":"https:\/\/canteixidogimnas.com\/ca\/wp-json\/wp\/v2\/comments?post=5895"}],"version-history":[{"count":1,"href":"https:\/\/canteixidogimnas.com\/ca\/wp-json\/wp\/v2\/posts\/5895\/revisions"}],"predecessor-version":[{"id":5896,"href":"https:\/\/canteixidogimnas.com\/ca\/wp-json\/wp\/v2\/posts\/5895\/revisions\/5896"}],"wp:featuredmedia":[{"embeddable":true,"href":"https:\/\/canteixidogimnas.com\/ca\/wp-json\/wp\/v2\/media\/5878"}],"wp:attachment":[{"href":"https:\/\/canteixidogimnas.com\/ca\/wp-json\/wp\/v2\/media?parent=5895"}],"wp:term":[{"taxonomy":"category","embeddable":true,"href":"https:\/\/canteixidogimnas.com\/ca\/wp-json\/wp\/v2\/categories?post=5895"},{"taxonomy":"post_tag","embeddable":true,"href":"https:\/\/canteixidogimnas.com\/ca\/wp-json\/wp\/v2\/tags?post=5895"}],"curies":[{"name":"wp","href":"https:\/\/api.w.org\/{rel}","templated":true}]}}